{"id":26573,"date":"2017-09-11T10:00:43","date_gmt":"2017-09-11T08:00:43","guid":{"rendered":"https:\/\/www.newsteo.com\/?p=26573"},"modified":"2017-12-07T15:13:24","modified_gmt":"2017-12-07T14:13:24","slug":"newsteo-plus-de-21-millions-deuros-leves","status":"publish","type":"post","link":"https:\/\/www.newsteo.com\/fr\/newsteo-plus-de-21-millions-deuros-leves\/","title":{"rendered":"Newsteo: plus de 2,1 millions d\u2019Euros lev\u00e9s"},"content":{"rendered":"<p><strong>Newsteo finance sa croissance avec plus de 2,1 millions d\u2019Euros lev\u00e9s aupr\u00e8s de CM-CIC Capital Priv\u00e9 et de Bpifrance afin d\u2019acc\u00e9l\u00e9rer son d\u00e9ploiement \u00e0 l\u2019international.<\/strong><\/p>\n<p>&nbsp;<\/p>\n<p>Soci\u00e9t\u00e9 innovante fran\u00e7aise, Newsteo S.A.S. d\u00e9veloppe depuis 2005 des solutions pour l\u2019Internet Industriel des Objets (IIoT) en concevant ses propres capteurs connect\u00e9s. Ses syst\u00e8mes sans-fil endurcis sont particuli\u00e8rement pl\u00e9biscit\u00e9s dans les domaines du stockage et du transport de marchandise sensible (tra\u00e7abilit\u00e9 de la cha\u00eene du froid dans le pharmaceutique et l\u2019agroalimentaire) et l\u2019instrumentation pour l\u2019industrie et le g\u00e9nie civil.<\/p>\n<p>&nbsp;<\/p>\n<p><em>\u00ab\u00a0 Avec plus de 120.000 capteurs communicants d\u00e9ploy\u00e9s, sur plus de 5.000 sites r\u00e9partis sur 50 pays, le succ\u00e8s commercial de nos syst\u00e8mes a s\u00e9duit CM-CIC Capital Priv\u00e9. C\u2019est pour nous une grande chance de pouvoir les compter parmi nos associ\u00e9s, aux c\u00f4t\u00e9s de nos actionnaires historiques Sofipaca (Cr\u00e9dit Agricole) et plusieurs Business Angels (dont M\u00e9diterran\u00e9e Investissements de Nice). Gr\u00e2ce \u00e0 leur apport financier et forts du succ\u00e8s de nos solutions en France et d\u00e9j\u00e0 sur des premiers march\u00e9s \u00e0 l\u2019export, nous allons accentuer notre d\u00e9veloppement \u00e0 l\u2019international et ouvrir rapidement des bureaux commerciaux dans les principales capitales europ\u00e9ennes\u00a0\u00bb<\/em> indique Philippe Gu\u00e8nebaud, Pr\u00e9sident de Newsteo.<\/p>\n<p>&nbsp;<\/p>\n<p><em>\u00ab\u00a0 Newsteo op\u00e8re sur un march\u00e9 tr\u00e8s sensible qui n\u00e9cessite une ma\u00eetrise av\u00e9r\u00e9e des technologies propos\u00e9es aux utilisateurs. Les produits d\u00e9velopp\u00e9s par l\u2019\u00e9quipe en place ont d\u00e9montr\u00e9 leur fiabilit\u00e9. Ils permettent de r\u00e9pondre aux besoins de renouvellement de l\u2019ancienne g\u00e9n\u00e9ration de capteurs mais \u00e9galement au respect de contraintes r\u00e9glementaires de plus en plus importantes. Ce contexte de march\u00e9 offre un potentiel de croissance tr\u00e8s significatif. Nous avons la conviction que la mise \u00e0 disposition de moyens financiers ad\u00e9quats va permettre \u00e0 Newsteo d\u2019acc\u00e9l\u00e9rer le d\u00e9ploiement de ses solutions tout en poursuivant ses efforts de d\u00e9veloppement\u00bb<\/em> conclut Pascal Vallanchon, Membre du Directoire de CM-CIC Capital Priv\u00e9.<\/p>\n<p>&nbsp;<\/p>\n<p>En plus de cette lev\u00e9e de fonds, Newsteo va b\u00e9n\u00e9ficier d\u2019un financement compl\u00e9mentaire de la part de Bpifrance sous la forme d\u2019un Pr\u00eat Innovation FEI \u00a0d\u2019une part et d\u2019autre part d\u2019un financement en tant que laur\u00e9at du Concours d\u2019Innovation Num\u00e9rique (CIN).<\/p>\n<p>&nbsp;<\/p>\n<p>&nbsp;<\/p>\n<p><a href=\"\/wp-content\/uploads\/2017\/09\/PR_Newsteo_levee_juil17-final3.pdf\" target=\"_blank\" rel=\"noopener\">&gt; T\u00e9l\u00e9charger le communiqu\u00e9 au format PDF<\/a><\/p>\n","protected":false},"excerpt":{"rendered":"<p>Newsteo finance sa croissance avec plus de 2,1 millions d\u2019Euros lev\u00e9s aupr\u00e8s de CM-CIC Capital Priv\u00e9 et de Bpifrance afin d\u2019acc\u00e9l\u00e9rer son d\u00e9ploiement \u00e0 l\u2019international. &nbsp; Soci\u00e9t\u00e9 innovante fran\u00e7aise, Newsteo S.A.S. d\u00e9veloppe depuis 2005 des solutions pour l\u2019Internet Industriel des Objets (IIoT) en concevant ses propres capteurs connect\u00e9s. Ses syst\u00e8mes sans-fil endurcis sont particuli\u00e8rement pl\u00e9biscit\u00e9s  [&#8230;]<\/p>\n","protected":false},"author":3,"featured_media":26574,"comment_status":"open","ping_status":"open","sticky":false,"template":"","format":"quote","meta":{"footnotes":""},"categories":[461],"tags":[],"class_list":["post-26573","post","type-post","status-publish","format-quote","has-post-thumbnail","hentry","category-communiques-presse","post_format-post-format-quote"],"_links":{"self":[{"href":"https:\/\/www.newsteo.com\/fr\/wp-json\/wp\/v2\/posts\/26573","targetHints":{"allow":["GET"]}}],"collection":[{"href":"https:\/\/www.newsteo.com\/fr\/wp-json\/wp\/v2\/posts"}],"about":[{"href":"https:\/\/www.newsteo.com\/fr\/wp-json\/wp\/v2\/types\/post"}],"author":[{"embeddable":true,"href":"https:\/\/www.newsteo.com\/fr\/wp-json\/wp\/v2\/users\/3"}],"replies":[{"embeddable":true,"href":"https:\/\/www.newsteo.com\/fr\/wp-json\/wp\/v2\/comments?post=26573"}],"version-history":[{"count":0,"href":"https:\/\/www.newsteo.com\/fr\/wp-json\/wp\/v2\/posts\/26573\/revisions"}],"wp:featuredmedia":[{"embeddable":true,"href":"https:\/\/www.newsteo.com\/fr\/wp-json\/wp\/v2\/media\/26574"}],"wp:attachment":[{"href":"https:\/\/www.newsteo.com\/fr\/wp-json\/wp\/v2\/media?parent=26573"}],"wp:term":[{"taxonomy":"category","embeddable":true,"href":"https:\/\/www.newsteo.com\/fr\/wp-json\/wp\/v2\/categories?post=26573"},{"taxonomy":"post_tag","embeddable":true,"href":"https:\/\/www.newsteo.com\/fr\/wp-json\/wp\/v2\/tags?post=26573"}],"curies":[{"name":"wp","href":"https:\/\/api.w.org\/{rel}","templated":true}]}}