{"id":27958,"date":"2017-12-05T10:24:59","date_gmt":"2017-12-05T09:24:59","guid":{"rendered":"https:\/\/www.newsteo.com\/?p=27958"},"modified":"2017-12-11T18:02:37","modified_gmt":"2017-12-11T17:02:37","slug":"votre-capteur-communicant-craint-il-le-froid","status":"publish","type":"post","link":"https:\/\/www.newsteo.com\/fr\/votre-capteur-communicant-craint-il-le-froid\/","title":{"rendered":"Votre capteur communicant craint-il le froid?"},"content":{"rendered":"<div class=\"fusion-fullwidth fullwidth-box fusion-builder-row-1 nonhundred-percent-fullwidth non-hundred-percent-height-scrolling\" style=\"--awb-border-radius-top-left:0px;--awb-border-radius-top-right:0px;--awb-border-radius-bottom-right:0px;--awb-border-radius-bottom-left:0px;--awb-flex-wrap:wrap;\" ><div class=\"fusion-builder-row fusion-row\"><div class=\"fusion-layout-column fusion_builder_column fusion-builder-column-0 fusion_builder_column_1_1 1_1 fusion-one-full fusion-column-first fusion-column-last\" style=\"--awb-bg-size:cover;--awb-margin-top:0px;--awb-margin-bottom:0px;\"><div class=\"fusion-column-wrapper fusion-flex-column-wrapper-legacy\"><div class=\"fusion-image-element in-legacy-container\" style=\"--awb-caption-title-font-family:var(--h2_typography-font-family);--awb-caption-title-font-weight:var(--h2_typography-font-weight);--awb-caption-title-font-style:var(--h2_typography-font-style);--awb-caption-title-size:var(--h2_typography-font-size);--awb-caption-title-transform:var(--h2_typography-text-transform);--awb-caption-title-line-height:var(--h2_typography-line-height);--awb-caption-title-letter-spacing:var(--h2_typography-letter-spacing);\"><span class=\" fusion-imageframe imageframe-none imageframe-1 hover-type-none espace\"><img decoding=\"async\" width=\"800\" height=\"366\" alt=\"capteurs newsteo r\u00e9siste au froid\" title=\"capteurs-froid-newsteo2\" src=\"https:\/\/www.newsteo.com\/wp-content\/uploads\/2017\/12\/capteurs-froid-newsteo2-1.jpg\" class=\"img-responsive wp-image-28262\" srcset=\"https:\/\/www.newsteo.com\/wp-content\/uploads\/2017\/12\/capteurs-froid-newsteo2-1-500x229.jpg 500w, https:\/\/www.newsteo.com\/wp-content\/uploads\/2017\/12\/capteurs-froid-newsteo2-1-700x320.jpg 700w, https:\/\/www.newsteo.com\/wp-content\/uploads\/2017\/12\/capteurs-froid-newsteo2-1.jpg 800w\" sizes=\"(max-width: 800px) 100vw, 800px\" \/><\/span><\/div><div class=\"fusion-text fusion-text-1\"><p class=\"espace\">En ce temps hivernal les humains ne sont pas les seuls \u00e0 craindre les temp\u00e9ratures n\u00e9gatives. Le retour du froid va mettre \u00e0 mal notamment les batteries de nos voitures et de nos Smartphones.<\/p>\n<p><span class=\"pointille espace\">Et donc, question l\u00e9gitime <\/span>:<\/p>\n<h2 class=\"text16px espace\">Ces temp\u00e9ratures vont-elles \u00e9galement avoir un impact sur le bon fonctionnement de nos <strong>enregistreurs sans fil<\/strong> ?<\/h2>\n<p class=\"espace\">Chez Newsteo, nous utilisons pour la plupart de nos <strong>capteurs connect\u00e9s<\/strong>, des piles au Lithium Chlorure de thyonile.<\/p>\n<p class=\"espace\">Un des gros points forts de ces piles c\u2019est qu\u2019elles peuvent supporter des temp\u00e9ratures de fonctionnement allant de <strong>-40\u00b0C \u00e0 +85\u00b0C<\/strong>. L\u2019\u00e9lectrolyte d&rsquo;une batterie lithium est non-aqueuse. Pas d&rsquo;eau, pas de gel. <strong>Le froid, dans une certaine mesure, n\u2019affecte donc pas leur bon fonctionnement<\/strong>.<\/p>\n<p class=\"espace\">Autre point fort c\u2019est leur <strong>grande dur\u00e9e de vie<\/strong>. En effet, nous avons s\u00e9lectionn\u00e9 des piles de tr\u00e8s haute qualit\u00e9. Gr\u00e2ce \u00e0 cela, nous pouvons garantir une <strong>fiabilit\u00e9 maximum<\/strong> de nos produits et, suivant les r\u00e9f\u00e9rences, des autonomies d\u00e9passant les 3 ans.<\/p>\n<p class=\"espace\">Si le froid ne g\u00e8ne pas le bon fonctionnement des produits, il reste \u00e0 voir maintenant si <strong>la chaleur et le froid ont un effet sur leur autonomie<\/strong>.<\/p>\n<p>Le sch\u00e9ma suivant* pr\u00e9sente l\u2019autonomie d\u2019un produit de la gamme Newsteo Logger LGR, en fonction : d\u2019une part de la fr\u00e9quence de transmission et d\u2019autre part de la temp\u00e9rature ambiante.<\/p>\n<ul>\n<li>Nous constatons que sur une m\u00eame p\u00e9riode de transmission, un produit soumis \u00e0 une temp\u00e9rature de -30\u00b0C aura une moins grande autonomie qu\u2019\u00e0 25\u00b0C. Par exemple : sur une transmission identique de 15 minutes, une pile durera de 3,5 ans \u00e0 -30\u00b0C \u00e0 4 ans \u00e0 25\u00b0C (donc une diff\u00e9rence de 6 mois en moyenne)<\/li>\n<li>Mais si on regarde les temp\u00e9ratures hautes, toujours sur la m\u00eame fr\u00e9quence de transmission de 15 minutes, on peut voir que l\u2019autonomie de la pile descend \u00e0 2 ans. Soit 2 ans de moins qu\u2019\u00e0 25\u00b0C.<\/li>\n<\/ul>\n<p><img decoding=\"async\" class=\"size-full wp-image-28013 aligncenter espace\" src=\"https:\/\/www.newsteo.com\/wp-content\/uploads\/2017\/12\/sch\u00e9ma-autonomie-2.jpg\" alt=\"\" width=\"828\" height=\"508\" srcset=\"https:\/\/www.newsteo.com\/wp-content\/uploads\/2017\/12\/sch\u00e9ma-autonomie-2-500x307.jpg 500w, https:\/\/www.newsteo.com\/wp-content\/uploads\/2017\/12\/sch\u00e9ma-autonomie-2-700x429.jpg 700w, https:\/\/www.newsteo.com\/wp-content\/uploads\/2017\/12\/sch\u00e9ma-autonomie-2.jpg 828w\" sizes=\"(max-width: 828px) 100vw, 828px\" \/><\/p>\n<p><span class=\"pointille espace\">A retenir donc\u00a0<\/span>: effectivement <strong>les temp\u00e9ratures n\u00e9gatives affectent l\u2019autonomie de la batterie<\/strong> mais <strong>dans une moins grande proportion que les temp\u00e9ratures \u00e9lev\u00e9es.<\/strong><\/p>\n<p class=\"espace\">C\u2019est pour cela que nous proposons un <strong>pack sp\u00e9cial de batteries-doubles compatible <\/strong>avec certains mod\u00e8les d\u2019<strong>enregistreurs<\/strong> permettant de <strong>tripler l&rsquo;autonomie de vos capteurs communicants<\/strong> \u00e0 conditions de fonctionnement \u00e9quivalentes.<\/p>\n<p class=\"espace\">N&rsquo;h\u00e9sitez pas \u00e0 nous contacter si vous voulez en profiter.<\/p>\n<p><em>*\u00a0Ce graphique est \u00e0 utiliser en tant qu\u2019estimation, non contractuelle. Newsteo s\u2019efforce de vous donner les informations les plus pr\u00e9cises et les plus d\u00e9taill\u00e9es possibles mais ne peut conna\u00eetre les conditions exactes d\u2019utilisation de ses produits.<\/em><\/p>\n<\/div><div class=\"fusion-clearfix\"><\/div><\/div><\/div><\/div><\/div>\n","protected":false},"excerpt":{"rendered":"","protected":false},"author":28,"featured_media":28340,"comment_status":"open","ping_status":"open","sticky":false,"template":"","format":"standard","meta":{"footnotes":""},"categories":[279],"tags":[],"class_list":["post-27958","post","type-post","status-publish","format-standard","has-post-thumbnail","hentry","category-non-classe-pt"],"_links":{"self":[{"href":"https:\/\/www.newsteo.com\/fr\/wp-json\/wp\/v2\/posts\/27958","targetHints":{"allow":["GET"]}}],"collection":[{"href":"https:\/\/www.newsteo.com\/fr\/wp-json\/wp\/v2\/posts"}],"about":[{"href":"https:\/\/www.newsteo.com\/fr\/wp-json\/wp\/v2\/types\/post"}],"author":[{"embeddable":true,"href":"https:\/\/www.newsteo.com\/fr\/wp-json\/wp\/v2\/users\/28"}],"replies":[{"embeddable":true,"href":"https:\/\/www.newsteo.com\/fr\/wp-json\/wp\/v2\/comments?post=27958"}],"version-history":[{"count":0,"href":"https:\/\/www.newsteo.com\/fr\/wp-json\/wp\/v2\/posts\/27958\/revisions"}],"wp:featuredmedia":[{"embeddable":true,"href":"https:\/\/www.newsteo.com\/fr\/wp-json\/wp\/v2\/media\/28340"}],"wp:attachment":[{"href":"https:\/\/www.newsteo.com\/fr\/wp-json\/wp\/v2\/media?parent=27958"}],"wp:term":[{"taxonomy":"category","embeddable":true,"href":"https:\/\/www.newsteo.com\/fr\/wp-json\/wp\/v2\/categories?post=27958"},{"taxonomy":"post_tag","embeddable":true,"href":"https:\/\/www.newsteo.com\/fr\/wp-json\/wp\/v2\/tags?post=27958"}],"curies":[{"name":"wp","href":"https:\/\/api.w.org\/{rel}","templated":true}]}}